[{"@context":"https:\/\/schema.org\/","@type":"Article","@id":"https:\/\/www.inrex.cz\/ja-dum-a-bratr\/#Article","mainEntityOfPage":"https:\/\/www.inrex.cz\/ja-dum-a-bratr\/","headline":"J\u00e1, d\u016fm a bratr","name":"J\u00e1, d\u016fm a bratr","description":"Tak\u00e9 jste u\u017e p\u0159em\u00fd\u0161leli, kde a jak budete bydlet? Jestli budete bydlet v byt\u011b anebo ve velk\u00e9m dom\u011b? Je logick\u00e9, \u017ee kdy\u017e budete v t\u011bch bydlet ve velk\u00e9m dom\u011b, tak tak\u00e9 samoz\u0159ejm\u011b asi budete m\u00edt velikou zahradu, proto\u017ee abych se p\u0159iznala, tak j\u00e1 osobn\u011b nezn\u00e1m \u017e\u00e1dn\u00fd velik\u00fd d\u016fm, kter\u00fd by nem\u011bl v\u016fbec \u017e\u00e1dnou zahradu. Anebo\u00a0ano,...<p class=\"more-link-wrap\"><a href=\"https:\/\/www.inrex.cz\/ja-dum-a-bratr\/\" class=\"more-link\">P\u0159e\u010d\u00edst<span class=\"screen-reader-text\"> &ldquo;J\u00e1, d\u016fm a bratr&rdquo;<\/span> &raquo;<\/a><\/p>","datePublished":"2024-07-28","dateModified":"2024-07-28","author":{"@type":"Person","@id":"https:\/\/www.inrex.cz\/author\/devene\/#Person","name":"devene","url":"https:\/\/www.inrex.cz\/author\/devene\/","identifier":1,"image":{"@type":"ImageObject","@id":"https:\/\/secure.gravatar.com\/avatar\/48db5b3634ed7a3f1f89bca90f0a2521b0bb3970d57e3653d258d10b0f31fdf3?s=96&d=mm&r=g","url":"https:\/\/secure.gravatar.com\/avatar\/48db5b3634ed7a3f1f89bca90f0a2521b0bb3970d57e3653d258d10b0f31fdf3?s=96&d=mm&r=g","height":96,"width":96}},"publisher":{"@type":"Organization","name":"inrex.cz","logo":{"@type":"ImageObject","@id":"\/logo.png","url":"\/logo.png","width":600,"height":60}},"image":{"@type":"ImageObject","@id":"https:\/\/www.inrex.cz\/wp-content\/uploads\/cottage-4587317_960_720.jpg","url":"https:\/\/www.inrex.cz\/wp-content\/uploads\/cottage-4587317_960_720.jpg","height":0,"width":0},"url":"https:\/\/www.inrex.cz\/ja-dum-a-bratr\/","about":["D\u016fm a byt"],"wordCount":421,"articleBody":"Tak\u00e9 jste u\u017e p\u0159em\u00fd\u0161leli, kde a jak budete bydlet? Jestli budete bydlet v byt\u011b anebo ve velk\u00e9m dom\u011b? Je logick\u00e9, \u017ee kdy\u017e budete v t\u011bch bydlet ve velk\u00e9m dom\u011b, tak tak\u00e9 samoz\u0159ejm\u011b asi budete m\u00edt velikou zahradu, proto\u017ee abych se p\u0159iznala, tak j\u00e1 osobn\u011b nezn\u00e1m \u017e\u00e1dn\u00fd velik\u00fd d\u016fm, kter\u00fd by nem\u011bl v\u016fbec \u017e\u00e1dnou zahradu. Anebo\u00a0ano, je opravdu hodn\u011b zp\u016fsob\u016f, jak vy vlastn\u011b m\u016f\u017eete bydlet, je toho opravdu hodn\u011b. Tak\u00e9 si mysl\u00edm, \u017ee si m\u016f\u017eete vybrat, jestli chcete m\u00edt velik\u00fd d\u016fm anebo t\u0159eba mal\u00fd d\u016fm anebo jestli si postav\u00edte d\u016fm anebo jestli se vezmete hypot\u00e9ku a koup\u00edte si u\u017e n\u011bjak\u00fd pou\u017eit\u00fd d\u016fm. N\u011bjak\u00fd, kde u\u017e t\u0159eba n\u011bkdo bydlel. My pr\u00e1v\u011b s bratrem jsme zd\u011bdili opravdu velik\u00fd statek po babi\u010dce a po d\u011bde\u010dkovi. Moje maminka se ho vzdala, proto\u017ee moje babi\u010dka s d\u011bde\u010dkem m\u011bli pouze jenom jednu\u00a0dceru, a to byla pr\u00e1v\u011b na\u0161e m\u00e1ma. A aby pr\u00e1v\u011b na\u0161e m\u00e1ma potom nemusela \u0159e\u0161it \u017e\u00e1dn\u00e9 d\u011bdictv\u00ed, tak n\u00e1m ten d\u016fm nechala jako sv\u00fdm d\u011btem. Byla jsem opravdu nad\u0161en\u00e1, proto\u017ee my jsme s bratrem se alespo\u0148\u00a0mohli rozp\u016flit a ka\u017ed\u00fd jsme si svou p\u016flku n\u011bjak zrekonstruovali, tak\u017ee nakonec to dopadlo tak, \u017ee m\u00e1me vlastn\u011b velik\u00fd d\u016fm, ale vlastn\u011b jsem si\u00a0ho rozp\u016flili a ka\u017ed\u00fd m\u00e1me 3 + 1. Je to vlastn\u011b d\u016fm anebo takov\u00fd byt? Ani v\u016fbec nev\u00edm, jak bych to popsala, ale m\u00e1me opravdu velikou zahradu a tak\u00e9 men\u0161\u00ed p\u0159edzahr\u00e1dku, tak\u017ee jsme si s bratrem \u0159ekli, \u017ee se to takhle rozp\u016fl\u00edme a \u017ee se to ka\u017ed\u00fd zrekonstruujeme. Na\u0161t\u011bst\u00ed bratr je zedn\u00edk a tak\u00e9 mal\u00ed\u0159, tak\u017ee jsem si m\u00edsto firmy mohla alespo\u0148 najmout bratra, kter\u00fd mi pom\u00e1hal. Bylo to skv\u011bl\u00e9, proto\u017ee jsem\u00a0tam alespo\u0148 u\u0161et\u0159ila pen\u00edze za firmu a m\u016fj bratr zase mi pom\u00e1hal. Tak\u00e9,\u00a0\u017ee jsem mu d\u00e1val aspo\u0148 n\u011bjak\u00e9 pen\u00edze. On si vyd\u011blal n\u011bjak\u00e9 mal\u00e9 pen\u00edze a j\u00e1 jsem u\u0161et\u0159ila, \u017ee se nemusela platit firm\u011b, aby mi t\u0159eba rekonstruovala m\u016fj d\u016fm. Vlastn\u011b n\u00e1\u0161 byt. Byla jsem z toho opravdu hodn\u011b nad\u0161en\u00e1 a moc m\u011b to t\u011b\u0161\u00ed.\u00a0                                                                                                                                                                                                                                                                                                                                                                                                "},{"@context":"https:\/\/schema.org\/","@type":"BreadcrumbList","itemListElement":[{"@type":"ListItem","position":1,"name":"J\u00e1, d\u016fm a bratr","item":"https:\/\/www.inrex.cz\/ja-dum-a-bratr\/#breadcrumbitem"}]}]