[{"@context":"https:\/\/schema.org\/","@type":"Article","@id":"https:\/\/www.inrex.cz\/letni-festivaly\/#Article","mainEntityOfPage":"https:\/\/www.inrex.cz\/letni-festivaly\/","headline":"Letn\u00ed festivaly.","name":"Letn\u00ed festivaly.","description":"V letn\u00edm obdob\u00ed se kon\u00e1 spousta letn\u00edch a hlavn\u011b venkovn\u00edch akc\u00ed, kde se m\u016f\u017eete skv\u011ble bavit poslouchat skv\u011blou muziku a je\u0161t\u011b si n\u011bco dobr\u00e9ho d\u00e1t na zub anebo se trochu op\u00edt. V\u017edy\u0165 l\u00e9to je pro takov\u00e9 akce jak d\u011blan\u00e9. Nejdete sp\u00e1t a bav\u00edte se a\u017e do sam\u00e9ho r\u00e1na. P\u0159ece jenom, venkovn\u00ed atmosf\u00e9ra pod \u0161ir\u00fdm nebem...<p class=\"more-link-wrap\"><a href=\"https:\/\/www.inrex.cz\/letni-festivaly\/\" class=\"more-link\">P\u0159e\u010d\u00edst<span class=\"screen-reader-text\"> &ldquo;Letn\u00ed festivaly.&rdquo;<\/span> &raquo;<\/a><\/p>","datePublished":"2024-02-13","dateModified":"2024-04-10","author":{"@type":"Person","@id":"https:\/\/www.inrex.cz\/author\/devene\/#Person","name":"devene","url":"https:\/\/www.inrex.cz\/author\/devene\/","identifier":1,"image":{"@type":"ImageObject","@id":"https:\/\/secure.gravatar.com\/avatar\/48db5b3634ed7a3f1f89bca90f0a2521b0bb3970d57e3653d258d10b0f31fdf3?s=96&d=mm&r=g","url":"https:\/\/secure.gravatar.com\/avatar\/48db5b3634ed7a3f1f89bca90f0a2521b0bb3970d57e3653d258d10b0f31fdf3?s=96&d=mm&r=g","height":96,"width":96}},"publisher":{"@type":"Organization","name":"inrex.cz","logo":{"@type":"ImageObject","@id":"\/logo.png","url":"\/logo.png","width":600,"height":60}},"image":{"@type":"ImageObject","@id":"https:\/\/www.inrex.cz\/wp-content\/uploads\/pexels-wendy-wei-1190297(1).jpg","url":"https:\/\/www.inrex.cz\/wp-content\/uploads\/pexels-wendy-wei-1190297(1).jpg","height":0,"width":0},"url":"https:\/\/www.inrex.cz\/letni-festivaly\/","about":["Spole\u010dnosti"],"wordCount":468,"articleBody":"   V letn\u00edm obdob\u00ed se kon\u00e1 spousta letn\u00edch a hlavn\u011b venkovn\u00edch akc\u00ed, kde se m\u016f\u017eete skv\u011ble bavit poslouchat skv\u011blou muziku a je\u0161t\u011b si n\u011bco dobr\u00e9ho d\u00e1t na zub anebo se trochu op\u00edt. V\u017edy\u0165 l\u00e9to je pro takov\u00e9 akce jak d\u011blan\u00e9. Nejdete sp\u00e1t a bav\u00edte se a\u017e do sam\u00e9ho r\u00e1na. P\u0159ece jenom, venkovn\u00ed atmosf\u00e9ra pod \u0161ir\u00fdm nebem je n\u011bco \u00fapln\u011b jin\u00e9ho ne\u017e n\u011bjak\u00e1 uzav\u0159en\u00fd prostor, kde se ned\u00e1 d\u00fdchat, \u0161lapete jeden po druh\u00fdm a ano je tam skv\u011bl\u00e1 atmosf\u00e9ra, ale je tam taky spousta zpocen\u00fdch lid\u00ed, kte\u0159\u00ed sk\u00e1\u010dou, a vy to v\u0161echno d\u00fdch\u00e1te. To se nezmi\u0148ujeme o t\u011bch kou\u0159ov\u00fdch efektech, kter\u00e9 n\u011bkter\u00e9 tribuny maj\u00ed. P\u0159ece jenom takov\u00e1 tepl\u00e1 nos a jedine\u010dnou hv\u011bzdovou oblohou je neuv\u011b\u0159iteln\u00e1 a rozhodn\u011b se s uzav\u0159enou akc\u00ed ned\u00e1 v\u016fbec srovnat. Na otev\u0159en\u00fdch akc\u00edch je daleko v\u00edce m\u00edsta a m\u016f\u017eete si sednout i na tr\u00e1vu nebo kousek d\u00e1l, kde nebude tolik lid\u00ed. Muzika se rozl\u00e9h\u00e1 do velk\u00e9 d\u00e1lky, a kdy\u017e bydl\u00edte n\u011bkde pobl\u00ed\u017e, m\u016f\u017ee se st\u00e1t, \u017ee ji usly\u0161\u00edte a\u017e k v\u00e1m dom\u016f. V\u011bt\u0161ina festival\u016f m\u00e1 zaji\u0161t\u011bn\u00e9 ob\u010derstven\u00ed b\u011bhem dne i noci, aby lid\u00e9 m\u011bli co konzumovat. Ka\u017ed\u00fd se jedn\u00e1 o festivaly, kter\u00e9 se konaj\u00ed n\u011bkolik dn\u00ed, b\u00fdvaj\u00ed zde i m\u00edsta na stanovan\u00ed. Takov\u00e1 v\u00edkendov\u00e1 party, kter\u00e1 za\u010d\u00edn\u00e1 v p\u00e1tek a kon\u010d\u00ed v pond\u011bl\u00ed r\u00e1no je u\u017e hodn\u011b velk\u00e1 v\u011bc. Na r\u016fzn\u00fdch m\u00edstech jsou um\u00edst\u011bn\u00e9 dv\u011b a v\u00edce p\u00f3di\u00ed, na kter\u00fdch hraj\u00ed r\u016fzn\u00e9 hudebn\u00ed skupiny nebo zp\u00edvaj\u00ed zp\u011bv\u00e1ci. Jsou to velk\u00e9 akce pro mlad\u00e9, ale i star\u0161\u00ed, prost\u011b pro v\u0161echny, kdo si na to troufnou. Ov\u0161em na takov\u00fdch akc\u00edch jsou i velk\u00e9 pronajat\u00e9 party stany, kter\u00e9 chr\u00e1n\u00ed p\u0159ed slun\u00ed\u010dkem nebo v noci p\u0159ed padaj\u00edc\u00ed vlhkost\u00ed. M\u016f\u017eete se zde schovat a b\u00fdvaj\u00ed zde i m\u00edsta na sezen\u00ed na pytlech nebo na palet\u00e1ch. V\u011bt\u0161inou jsou to takov\u00e1 mal\u00e1 z\u00e1zem\u00ed jak pro hosty tak pro \u00fa\u010dinkuj\u00edc\u00ed, ale v\u017edy odd\u011blen\u011b, aby m\u011bli \u00fa\u010dinkuj\u00edc\u00ed trochu soukrom\u00ed a klidu p\u0159ed vystoupen\u00edm nebo b\u011bhem mal\u00fdch pauzi\u010dek. Cen\u00edk pron\u00e1jmu party stanu https:\/\/www.partystanyaz.cz\/pronajem.html je v\u017edy na po\u0159adatel\u00edch, kte\u0159\u00ed akci d\u011blaj\u00ed a maj\u00ed jist\u00e9 sponzory a dary. Jen se p\u0159iznejte, kolik takov\u00fdch akc\u00ed b\u011bhem l\u00e9ta stihnete?                                                                                                                                                                                                                                                                                                                                                                                                  "},{"@context":"https:\/\/schema.org\/","@type":"BreadcrumbList","itemListElement":[{"@type":"ListItem","position":1,"name":"Letn\u00ed festivaly.","item":"https:\/\/www.inrex.cz\/letni-festivaly\/#breadcrumbitem"}]}]