[{"@context":"https:\/\/schema.org\/","@type":"Article","@id":"https:\/\/www.inrex.cz\/zapamatujte-si-jedinecny-den\/#Article","mainEntityOfPage":"https:\/\/www.inrex.cz\/zapamatujte-si-jedinecny-den\/","headline":"Zapamatujte si jedine\u010dn\u00fd den","name":"Zapamatujte si jedine\u010dn\u00fd den","description":"P\u0159ipravit svatbu je t\u011b\u017ek\u00fd \u00fakol, kter\u00e9ho se i p\u0159es jeho obt\u00ed\u017enost zhost\u00ed t\u00e9m\u011b\u0159 ka\u017ed\u00e1 nev\u011bsta sama, proto\u017ee si chce napl\u00e1novat sv\u016fj velk\u00fd den po sv\u00e9m. \u017denichov\u00e9 nev\u011bst\u00e1m v\u011bt\u0161inou do pr\u00e1ce moc nezasahuj\u00ed, proto\u017ee je to zkr\u00e1tka a dob\u0159e nebere. Je pot\u0159eba stihnout objednat a zarezervovat svatebn\u00ed m\u00edsto, co\u017e je jedna z nejd\u016fle\u017eit\u011bj\u0161\u00edch v\u011bc\u00ed na cel\u00e9...<p class=\"more-link-wrap\"><a href=\"https:\/\/www.inrex.cz\/zapamatujte-si-jedinecny-den\/\" class=\"more-link\">P\u0159e\u010d\u00edst<span class=\"screen-reader-text\"> &ldquo;Zapamatujte si jedine\u010dn\u00fd den&rdquo;<\/span> &raquo;<\/a><\/p>","datePublished":"2023-05-19","dateModified":"2023-11-25","author":{"@type":"Person","@id":"https:\/\/www.inrex.cz\/author\/devene\/#Person","name":"devene","url":"https:\/\/www.inrex.cz\/author\/devene\/","identifier":1,"image":{"@type":"ImageObject","@id":"https:\/\/secure.gravatar.com\/avatar\/48db5b3634ed7a3f1f89bca90f0a2521b0bb3970d57e3653d258d10b0f31fdf3?s=96&d=mm&r=g","url":"https:\/\/secure.gravatar.com\/avatar\/48db5b3634ed7a3f1f89bca90f0a2521b0bb3970d57e3653d258d10b0f31fdf3?s=96&d=mm&r=g","height":96,"width":96}},"publisher":{"@type":"Organization","name":"inrex.cz","logo":{"@type":"ImageObject","@id":"\/logo.png","url":"\/logo.png","width":600,"height":60}},"image":{"@type":"ImageObject","@id":"https:\/\/www.inrex.cz\/wp-content\/uploads\/victoria-priessnitz-MMNgGsFEbuI-unsplash_1.jpg","url":"https:\/\/www.inrex.cz\/wp-content\/uploads\/victoria-priessnitz-MMNgGsFEbuI-unsplash_1.jpg","height":0,"width":0},"url":"https:\/\/www.inrex.cz\/zapamatujte-si-jedinecny-den\/","about":["Spole\u010dnosti"],"wordCount":398,"articleBody":"       P\u0159ipravit svatbu je t\u011b\u017ek\u00fd \u00fakol, kter\u00e9ho se i p\u0159es jeho obt\u00ed\u017enost zhost\u00ed t\u00e9m\u011b\u0159 ka\u017ed\u00e1 nev\u011bsta sama, proto\u017ee si chce napl\u00e1novat sv\u016fj velk\u00fd den po sv\u00e9m. \u017denichov\u00e9 nev\u011bst\u00e1m v\u011bt\u0161inou do pr\u00e1ce moc nezasahuj\u00ed, proto\u017ee je to zkr\u00e1tka a dob\u0159e nebere. Je pot\u0159eba stihnout objednat a zarezervovat svatebn\u00ed m\u00edsto, co\u017e je jedna z nejd\u016fle\u017eit\u011bj\u0161\u00edch v\u011bc\u00ed na cel\u00e9 svatb\u011b. M\u00edsto d\u011bl\u00e1 svatbu, a m\u016f\u017ee b\u00fdt pr\u00e1v\u011b t\u00edm, na co se bude krom\u011b novoman\u017eel\u016f vzpom\u00ednat nejv\u00edc.Ka\u017ed\u00fd p\u00e1r chce m\u00edt n\u011bjakou vzpom\u00ednku na svoji svatbu, a\u0165 u\u017e se bude br\u00e1t na radnici nebo n\u011bkde ve svatebn\u00ed stodole. Bylo by nevhodn\u00e9 kdyby novoman\u017eele fotili svatebn\u00ed host\u00e9. Telefony v tento v\u00fdznamn\u00fd den do ruky nepat\u0159\u00ed nikomu od p\u0159\u00edchodu na svatbu a\u017e do ofici\u00e1ln\u00edho rozlou\u010den\u00ed host\u016f. Proto si budouc\u00ed man\u017eelsk\u00fd p\u00e1r objedn\u00e1v\u00e1 svatebn\u00edho fotografa, kter\u00fd zv\u011b\u010dn\u00ed celou svatbu od A do Z.I mezi fotografy jsou obl\u00edben\u00ed a popul\u00e1rn\u00ed jedinci, o jejich\u017e slu\u017eby je opravdu velk\u00fd z\u00e1jem. Je tedy pot\u0159eba nezapomenout si fotografa objednat zav\u010das, aby na den va\u0161\u00ed svatby m\u011bl voln\u00fd term\u00edn. Naprost\u00e1 v\u011bt\u0161ina svateb se odehr\u00e1v\u00e1 na ja\u0159e a l\u00e9t\u011b, a pokud chcete m\u00edt svatbu se v\u0161\u00edm v\u0161udy za\u0159\u00edzenou p\u0159edem abyste se nemuseli stresovat na posledn\u00ed chv\u00edli, rozhodn\u011b si fotografa objednejte v\u010das.Svatebn\u00ed fotograf Uhersk\u00e9 Hradi\u0161t\u011b https:\/\/yorge.com\/svatebni-fotograf-uherske-hradiste\/ je skv\u011blou volbou pro v\u0161echny, kte\u0159\u00ed cht\u011bj\u00ed m\u00edt jedine\u010dn\u00e9 fotografie ve vysok\u00e9 kvalit\u011b. Prohl\u00e9dn\u011bte si zhotoven\u00e9 fotografie novoman\u017eel\u016f a rozhodn\u011bte se v\u010das. \u00dakolem fotografa nen\u00ed jen bezhlav\u011b ma\u010dkat spou\u0161\u0165 u fotoapar\u00e1tu, ale p\u0159edev\u0161\u00edm pracovat s dekoracemi, s lidmi, sv\u011btlem a je pot\u0159eba aby m\u011bl cit pro barvy a detaily. Jde oto m\u00edt na sv\u016fj svatebn\u00ed den kr\u00e1sn\u00e9 vzpom\u00ednky, tak je pot\u0159eba zachytit v\u0161e d\u016fle\u017eit\u00e9. To ka\u017ed\u00fd neum\u00ed, proto je pot\u0159eba si fotografa vybrat opravdu d\u016fkladn\u011b. Zarezervujte si \u00favodn\u00ed sch\u016fzku a domluvte se na tom co byste cht\u011bli vyfotit.                                                                                                                                                                                                                                                                                                                                                                                                  "},{"@context":"https:\/\/schema.org\/","@type":"BreadcrumbList","itemListElement":[{"@type":"ListItem","position":1,"name":"Zapamatujte si jedine\u010dn\u00fd den","item":"https:\/\/www.inrex.cz\/zapamatujte-si-jedinecny-den\/#breadcrumbitem"}]}]